{"id":3445,"date":"2019-11-18T19:40:15","date_gmt":"2019-11-18T19:40:15","guid":{"rendered":"http:\/\/www.timtransportes.com\/home\/?p=3445"},"modified":"2019-11-18T19:41:31","modified_gmt":"2019-11-18T19:41:31","slug":"nota-de-esclarecimento","status":"publish","type":"post","link":"http:\/\/www.timtransportes.com\/home\/nota-de-esclarecimento\/","title":{"rendered":"NOTA DE ESCLARECIMENTO"},"content":{"rendered":"<p>A Tim transportes de Cargas ,atrav\u00e9s de sua diretoria, vem a p\u00fablico, e em respeito ao doloroso momento atravessado pela fam\u00edlia do sr. F\u00c1BIO ALVARES, pedir, encarecidamente, que cessem imediatamente a divulga\u00e7\u00e3o e circula\u00e7\u00e3o de toda e quaisquer imagens, seja em forma de v\u00eddeo ou foto, relativas \u00e0 fatalidade ocorrida no \u00faltimo dia 14\/11\/2019.<\/p>\n<p>Ressaltamos que toda a assist\u00eancia ao fato foi feita no mesmo dia do ocorrido e com toda aten\u00e7\u00e3o que a situa\u00e7\u00e3o exigia.<\/p>\n<p>Nos compadecemos imensamente com a dor da fam\u00edlia e julgamos digno que a fam\u00edlia passe por este momento sem perturba\u00e7\u00e3o e com total respeito a este momento de recolhimento.<\/p>\n<p>Atenciosamente,<br \/>\nTim transportes<\/p>\n","protected":false},"excerpt":{"rendered":"<p>A Tim transportes de Cargas ,atrav\u00e9s de sua diretoria, vem a p\u00fablico, e em respeito ao doloroso momento atravessado pela fam\u00edlia do sr. F\u00c1BIO ALVARES, pedir, encarecidamente, que cessem imediatamente a divulga\u00e7\u00e3o e circula\u00e7\u00e3o de toda e quaisquer imagens, seja em forma de v\u00eddeo ou foto, relativas \u00e0 fatalidade ocorrida no \u00faltimo dia 14\/11\/2019. Ressaltamos que toda a assist\u00eancia ao fato foi feita no mesmo dia do ocorrido e com toda aten\u00e7\u00e3o que a situa\u00e7\u00e3o exigia. Nos compadecemos imensamente com a dor da fam\u00edlia e julgamos digno que a fam\u00edlia passe por este momento sem perturba\u00e7\u00e3o e com total respeito a este momento de recolhimento. Atenciosamente, Tim transportes<\/p>\n","protected":false},"author":2,"featured_media":3447,"comment_status":"closed","ping_status":"open","sticky":false,"template":"","format":"standard","meta":[],"categories":[54],"tags":[50,51],"_links":{"self":[{"href":"http:\/\/www.timtransportes.com\/home\/wp-json\/wp\/v2\/posts\/3445"}],"collection":[{"href":"http:\/\/www.timtransportes.com\/home\/wp-json\/wp\/v2\/posts"}],"about":[{"href":"http:\/\/www.timtransportes.com\/home\/wp-json\/wp\/v2\/types\/post"}],"author":[{"embeddable":true,"href":"http:\/\/www.timtransportes.com\/home\/wp-json\/wp\/v2\/users\/2"}],"replies":[{"embeddable":true,"href":"http:\/\/www.timtransportes.com\/home\/wp-json\/wp\/v2\/comments?post=3445"}],"version-history":[{"count":1,"href":"http:\/\/www.timtransportes.com\/home\/wp-json\/wp\/v2\/posts\/3445\/revisions"}],"predecessor-version":[{"id":3446,"href":"http:\/\/www.timtransportes.com\/home\/wp-json\/wp\/v2\/posts\/3445\/revisions\/3446"}],"wp:featuredmedia":[{"embeddable":true,"href":"http:\/\/www.timtransportes.com\/home\/wp-json\/wp\/v2\/media\/3447"}],"wp:attachment":[{"href":"http:\/\/www.timtransportes.com\/home\/wp-json\/wp\/v2\/media?parent=3445"}],"wp:term":[{"taxonomy":"category","embeddable":true,"href":"http:\/\/www.timtransportes.com\/home\/wp-json\/wp\/v2\/categories?post=3445"},{"taxonomy":"post_tag","embeddable":true,"href":"http:\/\/www.timtransportes.com\/home\/wp-json\/wp\/v2\/tags?post=3445"}],"curies":[{"name":"wp","href":"https:\/\/api.w.org\/{rel}","templated":true}]}}